{"id":3141,"date":"2026-01-06T09:49:06","date_gmt":"2026-01-06T09:49:06","guid":{"rendered":"https:\/\/aircraftcharter.com\/aircraftcharter\/?p=3141"},"modified":"2026-01-06T09:49:33","modified_gmt":"2026-01-06T09:49:33","slug":"melodies-miles-flying-private-to-the-enescu-festival","status":"publish","type":"post","link":"https:\/\/aircraftcharter.com\/en\/melodies-miles-flying-private-to-the-enescu-festival\/","title":{"rendered":"Melodies &#038; Miles: Flying Private to the Enescu Festival"},"content":{"rendered":"\t\t<div data-elementor-type=\"wp-post\" data-elementor-id=\"3141\" class=\"elementor elementor-3141\" data-elementor-post-type=\"post\">\n\t\t\t\t<div class=\"elementor-element elementor-element-6319aa5 e-con-full e-flex e-con e-parent\" data-id=\"6319aa5\" data-element_type=\"container\" data-e-type=\"container\">\n\t\t\t\t<div class=\"elementor-element elementor-element-76d8e23 elementor-widget elementor-widget-image\" data-id=\"76d8e23\" data-element_type=\"widget\" data-e-type=\"widget\" data-widget_type=\"image.default\">\n\t\t\t\t\t\t\t\t\t\t\t\t\t\t\t<img fetchpriority=\"high\" decoding=\"async\" width=\"1450\" height=\"416\" src=\"https:\/\/aircraftcharter.com\/wp-content\/uploads\/2025\/11\/single-blog-bg-ja5jxA90.jpg\" class=\"attachment-full size-full wp-image-517\" alt=\"\" srcset=\"https:\/\/aircraftcharter.com\/wp-content\/uploads\/2025\/11\/single-blog-bg-ja5jxA90.jpg 1450w, https:\/\/aircraftcharter.com\/wp-content\/uploads\/2025\/11\/single-blog-bg-ja5jxA90-300x86.jpg 300w, https:\/\/aircraftcharter.com\/wp-content\/uploads\/2025\/11\/single-blog-bg-ja5jxA90-1024x294.jpg 1024w, https:\/\/aircraftcharter.com\/wp-content\/uploads\/2025\/11\/single-blog-bg-ja5jxA90-768x220.jpg 768w\" sizes=\"(max-width: 1450px) 100vw, 1450px\" \/>\t\t\t\t\t\t\t\t\t\t\t\t\t\t\t<\/div>\n\t\t\t\t<\/div>\n\t\t<div class=\"elementor-element elementor-element-4190bc4 e-flex e-con-boxed e-con e-parent\" data-id=\"4190bc4\" data-element_type=\"container\" data-e-type=\"container\">\n\t\t\t\t\t<div class=\"e-con-inner\">\n\t\t\t\t<div class=\"elementor-element elementor-element-f2d275a elementor-widget elementor-widget-theme-post-title elementor-page-title elementor-widget-heading\" data-id=\"f2d275a\" data-element_type=\"widget\" data-e-type=\"widget\" data-widget_type=\"theme-post-title.default\">\n\t\t\t\t\t<h1 class=\"elementor-heading-title elementor-size-default\">Melodies &#038; Miles: Flying Private to the Enescu Festival<\/h1>\t\t\t\t<\/div>\n\t\t\t\t<div class=\"elementor-element elementor-element-2c1b548 elementor-widget__width-initial elementor-widget elementor-widget-text-editor\" data-id=\"2c1b548\" data-element_type=\"widget\" data-e-type=\"widget\" data-widget_type=\"text-editor.default\">\n\t\t\t\t\t\t\t\t\t<h6>Aircraft Charter<\/h6><h4><strong>Posted In: <\/strong>Events<\/h4>\t\t\t\t\t\t\t\t<\/div>\n\t\t\t\t<div class=\"elementor-element elementor-element-7a7ca96 elementor-widget elementor-widget-text-editor\" data-id=\"7a7ca96\" data-element_type=\"widget\" data-e-type=\"widget\" data-widget_type=\"text-editor.default\">\n\t\t\t\t\t\t\t\t\t<p>Fly private to Bucharest for George Enescu Festival 2025. Enjoy luxury travel and Romania\u2019s premier classical music event.<\/p>\t\t\t\t\t\t\t\t<\/div>\n\t\t\t\t\t<\/div>\n\t\t\t\t<\/div>\n\t\t<div class=\"elementor-element elementor-element-c39bfc9 e-con-full e-flex e-con e-parent\" data-id=\"c39bfc9\" data-element_type=\"container\" data-e-type=\"container\">\n\t\t\t\t<div class=\"elementor-element elementor-element-56cc956 elementor-widget elementor-widget-theme-post-featured-image elementor-widget-image\" data-id=\"56cc956\" data-element_type=\"widget\" data-e-type=\"widget\" data-widget_type=\"theme-post-featured-image.default\">\n\t\t\t\t\t\t\t\t\t\t\t\t\t\t\t<img decoding=\"async\" width=\"1200\" height=\"629\" src=\"https:\/\/aircraftcharter.com\/wp-content\/uploads\/2026\/01\/pexels-victor-stefanescu-12412531-6230098.jpg\" class=\"attachment-full size-full wp-image-3143\" alt=\"Melodies &amp; Miles: Flying Private to the Enescu Festival for Exclusive Travel Insights\" srcset=\"https:\/\/aircraftcharter.com\/wp-content\/uploads\/2026\/01\/pexels-victor-stefanescu-12412531-6230098.jpg 1200w, https:\/\/aircraftcharter.com\/wp-content\/uploads\/2026\/01\/pexels-victor-stefanescu-12412531-6230098-300x157.jpg 300w, https:\/\/aircraftcharter.com\/wp-content\/uploads\/2026\/01\/pexels-victor-stefanescu-12412531-6230098-1024x537.jpg 1024w, https:\/\/aircraftcharter.com\/wp-content\/uploads\/2026\/01\/pexels-victor-stefanescu-12412531-6230098-768x403.jpg 768w\" sizes=\"(max-width: 1200px) 100vw, 1200px\" \/>\t\t\t\t\t\t\t\t\t\t\t\t\t\t\t<\/div>\n\t\t\t\t<\/div>\n\t\t<div class=\"elementor-element elementor-element-7b8584a e-flex e-con-boxed e-con e-parent\" data-id=\"7b8584a\" data-element_type=\"container\" data-e-type=\"container\">\n\t\t\t\t\t<div class=\"e-con-inner\">\n\t\t\t\t<div class=\"elementor-element elementor-element-9cdc8c6 elementor-widget elementor-widget-text-editor\" data-id=\"9cdc8c6\" data-element_type=\"widget\" data-e-type=\"widget\" data-widget_type=\"text-editor.default\">\n\t\t\t\t\t\t\t\t\t<h2>Melodies &amp; Miles: Flying Private to the Enescu Festival for Exclusive Travel Insights<\/h2><p>Attending the George Enescu International Festival offers a unique chance to immerse yourself in one of the world\u2019s premier classical music events. Held every two years in Bucharest, this festival gathers top orchestras and soloists to celebrate the legacy of the Romanian composer George Enescu. With performances spanning over four weeks, it creates an unforgettable cultural experience.<\/p><p>Flying private to the Enescu Festival maximizes your time and comfort, allowing you to arrive relaxed and ready to enjoy the rich musical program without the usual travel hassles. This mode of travel cuts down on airport wait times and gives you flexibility in scheduling, which is especially valuable during such a packed event.<\/p><p>By choosing private aviation, you not only enhance convenience but also gain access to personalized service that aligns with the festival\u2019s exclusivity. Your journey becomes an extension of the refined cultural experience waiting for you in Bucharest.<\/p><h2>Private Air Travel to the George Enescu Festival<\/h2><p>Flying private to Bucharest for the George Enescu Festival provides unmatched convenience, comfort, and efficiency. From quick airport transfers to exclusive VIP services, your entire journey can be tailored to suit your preferences and schedule.<\/p><h2>Benefits of Flying Private to Bucharest<\/h2><p>Flying private eliminates long security lines and waiting at commercial terminals, allowing you to arrive and depart on your terms. You avoid crowded airports, which is especially valuable during a busy event like the George Enescu Festival, held at several Bucharest venues.<\/p><p>You can customize your flight schedule to match festival performances booked through platforms like Eventim. This flexibility ensures timely arrivals for key concerts or competitions. Privacy on board means you can work, relax, or prepare for festival events in a calm environment without distractions.<\/p><h2>Bucharest\u2019s Airports and Ground Transfers<\/h2><p>Bucharest is served primarily by Henri Coand\u0103 International Airport (OTP), which accommodates private jets through dedicated terminals with streamlined customs and security. You can also use Aurel Vlaicu International Airport (B\u0103neasa) for smaller private flights, closer to the city center.<\/p><p>Upon arrival, luxury ground transportation options like chauffeured limousines or high-end SUVs are available. These transfers ensure a smooth ride from the airport to festival venues or your accommodation, keeping your travel stress-free and punctual for each event.<\/p><h2>Luxury Services and VIP Experiences<\/h2><p>Private air travel often includes premium concierge services customized to your needs. This can involve booking exclusive accommodations, securing Eventim tickets for sold-out George Enescu Festival concerts, and arranging private guides for cultural tours around Bucharest.<\/p><p>VIP airport lounges give you a calm space before and after flights, along with tailored dining and relaxation options. Combining private air travel with these services elevates your entire festival experience, making it easier to focus fully on the music and cultural richness of the event.<\/p><h2>George Enescu Festival: A World-Class Classical Music Event<\/h2><p>You can experience one of the world\u2019s leading classical music events in Bucharest, a festival that blends tradition and innovation while honoring Romania&#8217;s greatest composer. The event spans multiple venues, offers diverse ticketing options, and follows a biennial calendar with a rich history shaping its current format.<\/p><h2>Festival History and Evolution<\/h2><p>The George Enescu Festival was established in 1958 to honor the legacy of George Enescu, Romania&#8217;s most renowned composer. Since its inception, it has become a major international platform for classical music, featuring performances by world-class orchestras and chamber ensembles.<\/p><p>Over the decades, the festival has evolved into a large-scale event attracting thousands of artists globally. It remains a vital meeting place for seasoned professionals and emerging musicians, emphasizing both classical staples and contemporary compositions.<\/p><p>You\u2019ll find the festival continually expanding its artistic scope, including new formats like the Enescu &#8211; JTI Immersive Experience at MINA, which brings contemporary and immersive artistic presentations to the classical music scene.<\/p><h2>Annual Calendar and Editions<\/h2><p>Held every two years in Bucharest, the George Enescu International Festival typically runs from late August to late September. The 2025 edition, for example, took place from August 24 to September 21, marking the 27th festival and commemorating 70 years since Enescu\u2019s passing.<\/p><p>Each festival edition features a carefully curated program of over 100 events, including international premieres and landmark performances. It includes concerts, juried competitions for piano, violin, and voice, and showcases a broad array of styles within classical music.<\/p><p>The biennial schedule allows you to plan your visit well in advance and ensures the event remains a highly anticipated cultural milestone in the classical music calendar.<\/p><h2>Ticketing, Venues, and Access<\/h2><p>You can purchase tickets through major platforms such as Eventim, which handles online sales for the festival. Ticket options vary, covering individual concerts, series, and special events, accommodating different budgets and preferences.<\/p><p>Key venues include the historic Romanian Athenaeum, Sala Palatului, and Palace Hall\u2014each offering outstanding acoustics and ambiance. The festival also uses innovative spaces like MINA to broaden your experience beyond traditional concert halls.<\/p><p>Transportation access in Bucharest ensures convenient entry to all venues. Many concerts sell out quickly, so early booking is recommended if you want the best seats and to attend high-profile performances.<\/p>\t\t\t\t\t\t\t\t<\/div>\n\t\t\t\t\t<\/div>\n\t\t\t\t<\/div>\n\t\t<div class=\"elementor-element elementor-element-0a9750c e-flex e-con-boxed e-con e-parent\" data-id=\"0a9750c\" data-element_type=\"container\" data-e-type=\"container\">\n\t\t\t\t\t<div class=\"e-con-inner\">\n\t\t<div class=\"elementor-element elementor-element-d9831e7 e-con-full e-flex e-con e-child\" data-id=\"d9831e7\" data-element_type=\"container\" data-e-type=\"container\">\n\t\t\t\t<div class=\"elementor-element elementor-element-96bf640 elementor-widget elementor-widget-image\" data-id=\"96bf640\" data-element_type=\"widget\" data-e-type=\"widget\" data-widget_type=\"image.default\">\n\t\t\t\t\t\t\t\t\t\t\t\t\t\t\t<img decoding=\"async\" width=\"1200\" height=\"629\" src=\"https:\/\/aircraftcharter.com\/wp-content\/uploads\/2026\/01\/Electric20jet.jpeg\" class=\"attachment-full size-full wp-image-3059\" alt=\"\" srcset=\"https:\/\/aircraftcharter.com\/wp-content\/uploads\/2026\/01\/Electric20jet.jpeg 1200w, https:\/\/aircraftcharter.com\/wp-content\/uploads\/2026\/01\/Electric20jet-300x157.jpeg 300w, https:\/\/aircraftcharter.com\/wp-content\/uploads\/2026\/01\/Electric20jet-1024x537.jpeg 1024w, https:\/\/aircraftcharter.com\/wp-content\/uploads\/2026\/01\/Electric20jet-768x403.jpeg 768w\" sizes=\"(max-width: 1200px) 100vw, 1200px\" \/>\t\t\t\t\t\t\t\t\t\t\t\t\t\t\t<\/div>\n\t\t\t\t<\/div>\n\t\t<div class=\"elementor-element elementor-element-6a1fa01 e-con-full e-flex e-con e-child\" data-id=\"6a1fa01\" data-element_type=\"container\" data-e-type=\"container\" data-settings=\"{&quot;background_background&quot;:&quot;classic&quot;}\">\n\t\t\t\t<div class=\"elementor-element elementor-element-9633075 bluebox elementor-widget elementor-widget-text-editor\" data-id=\"9633075\" data-element_type=\"widget\" data-e-type=\"widget\" data-widget_type=\"text-editor.default\">\n\t\t\t\t\t\t\t\t\t<div class=\"basis-6\/12 bg-[#a0c3d9] content-center px-5 lg:px-[110px] py-5 rounded-b-lg lg:rounded-b-none lg:rounded-e-lg\"><h3>Instant Private Jet Quote Tool Available<\/h3><p>Get a live quote instantly by clicking the &#8216;Get Live Quote&#8217; button and filling out the form. Our representative will contact you to discuss your aircraft charter needs.<\/p><p><a href=\"https:\/\/www.aircraftcharter.com\/contact\/\" data-modal-target=\"instant-qoute-modal\" data-modal-toggle=\"instant-qoute-modal\">Click Here for Live Quote<\/a><\/p><\/div>\t\t\t\t\t\t\t\t<\/div>\n\t\t\t\t<\/div>\n\t\t\t\t\t<\/div>\n\t\t\t\t<\/div>\n\t\t<div class=\"elementor-element elementor-element-910cc5a e-flex e-con-boxed e-con e-parent\" data-id=\"910cc5a\" data-element_type=\"container\" data-e-type=\"container\">\n\t\t\t\t\t<div class=\"e-con-inner\">\n\t\t\t\t<div class=\"elementor-element elementor-element-56b336e elementor-widget elementor-widget-text-editor\" data-id=\"56b336e\" data-element_type=\"widget\" data-e-type=\"widget\" data-widget_type=\"text-editor.default\">\n\t\t\t\t\t\t\t\t\t<h2>Celebrating George Enescu: Music, Legacy, and Cultural Impact<\/h2><p>You will find George Enescu&#8217;s work deeply embedded in both Romanian musical heritage and the broader classical music world. His compositions like the Romanian Rhapsodies and symphonies represent a blend of folk and classical styles. Enescu\u2019s influence extends beyond music, shaping Romania&#8217;s cultural identity and inspiring festivals and orchestras worldwide.<\/p><h2>Enescu\u2019s Iconic Works and Romanian Rhapsody<\/h2><p>George Enescu\u2019s\u00a0Romanian Rhapsody No. 1\u00a0is among his most famous works, known for its vibrant use of Romanian folk melodies. This piece captures Romania\u2019s rural spirit through energetic rhythms and colorful orchestration, showcasing Enescu\u2019s skill in blending traditional music with classical forms.<\/p><p>Besides the Rhapsodies, Enescu composed complex works like the\u00a0Symphony No. 1 in E-flat major\u00a0and the\u00a0Prelude to the Opera Oedipe, which highlight his deep understanding of harmony and orchestral texture. His\u00a0Pastorale-Fantaisie\u00a0also reflects his connection with nature and folk elements.<\/p><p>You will also encounter less frequently performed masterpieces like\u00a0Romanian Rhapsody No. 2\u00a0and the\u00a0Symphony No. 4 in E minor, which add to the rich texture of his oeuvre. These works remain staples in programs by ensembles such as the\u00a0George Enescu Philharmonic Orchestra.<\/p><h2>Commemorations and Anniversaries<\/h2><p>Recent years have seen major events marking key anniversaries of Enescu\u2019s life and work. The\u00a027th George Enescu International Festival\u00a0in 2025, for example, celebrated the 70th anniversary of his death, featuring thousands of artists from around the world performing his compositions and premieres.<\/p><p>These commemorations keep Enescu\u2019s legacy alive, fostering appreciation through concerts and educational efforts. Leaders like\u00a0Cristian M\u0103celaru, artistic director of the festival, emphasize connecting youth with Enescu\u2019s music to ensure its ongoing relevance.<\/p><p>You can witness how these events unite international musicians and Romanian audiences alike, reinforcing Enescu\u2019s position as a cultural icon with a living, evolving influence on classical music.<\/p><h2>Role in Romanian Culture and Global Influence<\/h2><p>As a Romanian composer, George Enescu\u2019s work goes beyond art; it embodies the nation\u2019s identity. His music incorporates folk themes directly drawn from Romanian traditions, which you can hear throughout the\u00a0Romanian Rhapsodies\u00a0and symphonic works.<\/p><p>Enescu\u2019s role as a teacher and conductor further extended his impact by nurturing talents like\u00a0Dinu Lipatti, and influencing contemporaries such as\u00a0Paul Constantinescu\u00a0and\u00a0Pascal Bentoiu. His legacy lives through institutions, notably the\u00a0George Enescu Philharmonic, which actively promotes Romanian culture abroad.<\/p><p>Globally, his fusion of folk elements with classical forms has inspired many. You will find that Enescu\u2019s music bridges cultural gaps, making Romanian heritage accessible on the international stage without losing its unique character.<\/p><h2>2025 Highlights: Artists, Orchestras, and Signature Performances<\/h2><p>This year\u2019s Enescu Festival features an impressive blend of world-class soloists, conductors, and orchestras, alongside unique premieres and special events. You can expect standout performances from notable artists, leading ensembles, and carefully curated operas that underscore the festival\u2019s cultural significance.<\/p><h2>Distinguished Conductors and Soloists<\/h2><p>You will encounter renowned conductors such as Cristian M\u0103celaru, the festival\u2019s artistic director, whose leadership sharpens the festival\u2019s artistic focus. Vasily Petrenko and Klaus M\u00e4kel\u00e4 also grace the podium, bringing varied styles from the Royal Philharmonic Orchestra and other leading ensembles.<\/p><p>Soloists include legendary pianist Martha Argerich, whose presence commands attention, and virtuosos like Kirill Gerstein and Jean-Yves Thibaudet. Anne-Sophie Mutter returns with her precise violin mastery, while cellists Gautier Capu\u00e7on and Andrei Ioni\u021b\u0103 provide emotional depth. Pianist Alexandre Kantorow and rising talent Alexandra Dariescu add youthful energy, enriching the festival\u2019s solo lineup.<\/p><h2>Premier Orchestras and Ensembles<\/h2><p>The Royal Concertgebouw Orchestra and the Philharmonia Orchestra highlight the festival\u2019s diversity of sound and tradition. You will also hear the Orchestre National de France and the Academy of Santa Cecilia, each bringing distinct European flavors.<\/p><p>Locally, the George Enescu Philharmonic and the Romanian Youth Orchestra assert a firm presence, embodying the festival\u2019s roots. The National Radio Orchestra offers dynamic performances, while the Budapest Festival Orchestra and Czech Philharmonic extend the program\u2019s reach in Central Europe. Staatskapelle Dresden and the National Orchestra of France further round out the prestigious roster.<\/p><h2>Featured Operas, Premieres, and Special Events<\/h2><p>Opera presentations include a striking open-air staging of classic works, continuing the festival\u2019s commitment to accessibility and ambiance. New premieres are a highlight, with contemporary compositions that enrich the traditional repertoire.<\/p><p>Special concerts spotlight signature works by George Enescu, aligning with the festival\u2019s heritage mission. You can also attend commemorative events showcasing emerging Romanian soloists like Alexandra Conunova. These elements ensure a balance between innovation and tradition, making your festival experience both memorable and diverse.<\/p><h2>Experiencing Bucharest: Venues, Culture, and Festival Atmosphere<\/h2><p>Bucharest\u2019s blend of historic grandeur and modern vibrancy shapes your experience during the festival. You will encounter iconic concert halls alongside cultural landmarks. The festival\u2019s creative energy extends beyond music with multimedia and dance performances enriching the city\u2019s atmosphere.<\/p><h2>Concert Halls and Historic Venues<\/h2><p>Your festival journey begins at premier venues like the\u00a0Romanian Athenaeum, famed for its impressive architecture and excellent acoustics. The\u00a0Sala Palatului\u00a0(Palace Hall) hosts large-scale concerts and offers a modern setting. Both venues showcase world-class performances with lighting and\u00a0multimedia projections\u00a0enhancing your immersion.<\/p><p>The\u00a0Auditorium Hall\u00a0provides a more intimate environment, perfect for chamber music. These halls combine tradition with innovation, often staging contemporary dance pieces by companies such as\u00a0Eva Duda Dance Company, adding visual artistry to your musical experience.<\/p><h2>City Highlights and Cultural Landmarks<\/h2><p>Exploring Bucharest beyond concert halls enriches your trip. Important landmarks like the Palace of the Parliament, with its monumental scale, and the historic Old Town provide visual contrast.<\/p><p>Art galleries and museums feature contemporary Romanian artists like\u00a0Carmen Lidia Vidu\u00a0and\u00a0Nona Ciobanu, giving you insight into the country\u2019s creative pulse. Street cafes and local markets add everyday cultural texture within walking distance of festival venues.<\/p><h2>Festival Square, Open-Air Events, and Community Engagement<\/h2><p>The festival\u2019s\u00a0Festival Square\u00a0serves as a dynamic public space where open-air concerts and interactive events take place. These gatherings foster a community spirit, inviting you to connect with locals and fellow visitors.<\/p><p>Open-air stages often feature diverse programming, including performances by artists such as\u00a0Peter Ko\u0161ir. The integration of dance, classical music, and public participation transforms the city&#8217;s squares into lively cultural hubs throughout the festival.<\/p><h2>The Enescu Competition and Nurturing Musical Excellence<\/h2><p>This competition is a prestigious platform designed to identify and elevate exceptional young musicians. It offers you clear categories for participation, distinguished juries, significant awards, and an international reputation that can kickstart your career in classical music.<\/p><h2>Overview of Competition Divisions<\/h2><p>The Enescu Competition focuses on key instrumental areas, primarily violin, piano, and voice. These categories reflect the most traditional and demanding classical disciplines, offering you the chance to showcase your abilities within a focused framework.<\/p><p>The competition divisions have expanded since the first edition, which included only violin and piano. Today, it serves as a vital opportunity for musicians specialized in these fields. This structure keeps the contest highly competitive and relevant to classical music traditions.<\/p><h2>Juries, Prizes, and Notable Past Winners<\/h2><p>You will perform under the scrutiny of world-class juries composed of renowned musicians and educators. Past jurors have included prominent figures connected to George Enescu himself, such as Yehudi Menuhin and David Oistrakh, highlighting the competition\u2019s long-standing prestige.<\/p><p>Prizes for winners often include monetary awards, concert engagements, and recording opportunities. These benefits offer practical support alongside recognition. Notable laureates have gone on to build influential international careers, establishing the Enescu Competition as a serious stepping stone for emerging talent.<\/p><h2>Career Launchpads for Emerging Talent<\/h2><p>Participating in the Enescu Competition places you on an international stage. It acts as a launchpad comparable to other major contests like the Tchaikovsky Competition, offering exposure to agents, orchestras, and concert promoters.<\/p><p>The event also emphasizes promoting George Enescu\u2019s work among new generations, encouraging you to engage with a rich musical heritage as part of your artistic growth. Winners and finalists commonly gain invitations to perform worldwide, accelerating their professional development and expanding their career opportunities.<\/p><p>This competition\u2019s reputation and network make it a key moment in your path as an aspiring classical musician.<\/p><p>Experience seamless travel with\u00a0<span style=\"text-decoration: underline;\"><a href=\"https:\/\/www.aircraftcharter.com\/en\/\">aircraft charter<\/a><\/span>. Start with<a href=\"https:\/\/www.aircraftcharter.com\/en\/services\/\">\u00a0<span style=\"text-decoration: underline;\">bespoke charters<\/span><\/a>, enjoy exclusive\u00a0<span style=\"text-decoration: underline;\"><a href=\"https:\/\/www.aircraftcharter.com\/en\/private-jet-rental\/\">private jet charter<\/a><\/span>,\u00a0<span style=\"text-decoration: underline;\"><a href=\"https:\/\/www.aircraftcharter.com\/en\/services\/business-jet-charter\">business air travel<\/a><\/span>, plan<a href=\"https:\/\/www.aircraftcharter.com\/en\/services\/group-jet-charter\">\u00a0<span style=\"text-decoration: underline;\">group private jet charters<\/span><\/a>, or rely on<a href=\"https:\/\/www.aircraftcharter.com\/en\/services\/air-freight-cargo\">\u00a0<span style=\"text-decoration: underline;\">freight aircraft charter services<\/span><\/a>.<\/p><p>Save big with\u00a0<span style=\"text-decoration: underline;\"><a href=\"https:\/\/www.aircraftcharter.com\/en\/services\/empty-leg-flights\">empty leg private jet flights<\/a><\/span>. Find a flight, book quick<a href=\"https:\/\/www.aircraftcharter.com\/en\/services\/air-taxis\">\u00a0<span style=\"text-decoration: underline;\">air taxi services<\/span><\/a>, secure<a href=\"https:\/\/www.aircraftcharter.com\/en\/services\/helicopter-charter\">\u00a0<span style=\"text-decoration: underline;\">helicopter charter services<\/span><\/a>, explore exclusive<a href=\"https:\/\/www.aircraftcharter.com\/en\/destination\">\u00a0<span style=\"text-decoration: underline;\">destinations<\/span><\/a>, or rely on<a href=\"https:\/\/www.aircraftcharter.com\/en\/services\/medevac-air-ambulance\">\u00a0<span style=\"text-decoration: underline;\">air medevac services<\/span><\/a>.<\/p>\t\t\t\t\t\t\t\t<\/div>\n\t\t\t\t\t<\/div>\n\t\t\t\t<\/div>\n\t\t<div class=\"elementor-element elementor-element-f05bc69 elementor-hidden-desktop elementor-hidden-tablet elementor-hidden-mobile e-flex e-con-boxed e-con e-parent\" data-id=\"f05bc69\" data-element_type=\"container\" data-e-type=\"container\">\n\t\t\t\t\t<div class=\"e-con-inner\">\n\t\t\t\t<div class=\"elementor-element elementor-element-f70e89e elementor-widget elementor-widget-google_maps\" data-id=\"f70e89e\" data-element_type=\"widget\" data-e-type=\"widget\" data-widget_type=\"google_maps.default\">\n\t\t\t\t\t\t\t<div class=\"elementor-custom-embed\">\n\t\t\t<iframe loading=\"lazy\"\n\t\t\t\t\tsrc=\"https:\/\/maps.google.com\/maps?q=Austin&#038;t=m&#038;z=8&#038;output=embed&#038;iwloc=near\"\n\t\t\t\t\ttitle=\"Austin\"\n\t\t\t\t\taria-label=\"Austin\"\n\t\t\t><\/iframe>\n\t\t<\/div>\n\t\t\t\t\t\t<\/div>\n\t\t\t\t\t<\/div>\n\t\t\t\t<\/div>\n\t\t<div class=\"elementor-element elementor-element-c512dbd e-flex e-con-boxed e-con e-parent\" data-id=\"c512dbd\" data-element_type=\"container\" data-e-type=\"container\">\n\t\t\t\t\t<div class=\"e-con-inner\">\n\t\t<div class=\"elementor-element elementor-element-c502058 e-con-full e-flex e-con e-child\" data-id=\"c502058\" data-element_type=\"container\" data-e-type=\"container\">\n\t\t\t\t<div class=\"elementor-element elementor-element-8220090 elementor-widget elementor-widget-heading\" data-id=\"8220090\" data-element_type=\"widget\" data-e-type=\"widget\" data-widget_type=\"heading.default\">\n\t\t\t\t\t<h2 class=\"elementor-heading-title elementor-size-default\">Symphony in the Sky: A Private Jet Itinerary for the Enescu Festival<\/h2>\t\t\t\t<\/div>\n\t\t\t\t<div class=\"elementor-element elementor-element-5c92e5e elementor-widget elementor-widget-text-editor\" data-id=\"5c92e5e\" data-element_type=\"widget\" data-e-type=\"widget\" data-widget_type=\"text-editor.default\">\n\t\t\t\t\t\t\t\t\t<p><strong>Day 1: Arrival in Bucharest<\/strong><br \/>Begin your journey to Romania&#8217;s cultural crown jewel with a private jet landing at Bucharest B\u0103neasa Airport, just minutes from the city center. A luxury vehicle will transfer you to your suite at the elegant Ath\u00e9n\u00e9e Palace Hilton or the JW Marriott Bucharest Grand Hotel. After check-in, relax with a spa session or afternoon tea on a private terrace. In the evening, enjoy a fine-dining experience at The Artist or Le Bistrot Fran\u00e7ais, followed by a private wine tasting featuring Romania\u2019s finest vintages.<\/p><p><strong>Day 2: Enescu Festival Premiere<\/strong><br \/>Start the day with a gourmet breakfast and a leisurely stroll through Bucharest\u2019s Old Town or a private guided tour of the Palace of the Parliament. In the afternoon, attend your first Enescu Festival performance at the Romanian Athenaeum or the Grand Palace Hall. With VIP tickets, enjoy the best seats in the house and access to private lounges. The evening continues with a post-concert reception, where you may mingle with international artists and conductors. For nightcaps, retreat to a rooftop bar with sweeping views of Bucharest\u2019s illuminated skyline.<\/p><p><strong>Day 3: Culture, Cuisine &amp; Concerts<\/strong><br \/>Begin with a private visit to George Enescu\u2019s Memorial House for an intimate look at the composer\u2019s life and legacy. Enjoy a leisurely lunch in Her\u0103str\u0103u Park or take a chauffeured drive to nearby castles or vineyards for an afternoon excursion. Return to the city for another breathtaking festival performance\u2014perhaps a world-class orchestra or a rising soloist. Cap the night with a chef-curated tasting menu or a private salon concert at your hotel.<\/p><p><strong>Day 4: Departure<\/strong><br \/>Enjoy a relaxed brunch before your private transfer returns you to the airport. Depart with memories of symphonic brilliance, Romanian elegance, and the artistry of the Enescu Festival.<\/p>\t\t\t\t\t\t\t\t<\/div>\n\t\t\t\t<div class=\"elementor-element elementor-element-5c705fa elementor-widget elementor-widget-button\" data-id=\"5c705fa\" data-element_type=\"widget\" data-e-type=\"widget\" data-widget_type=\"button.default\">\n\t\t\t\t\t\t\t\t\t\t<a class=\"elementor-button elementor-button-link elementor-size-sm\" href=\"https:\/\/www.aircraftcharter.com\/aircraftcharter\/contact\/\">\n\t\t\t\t\t\t<span class=\"elementor-button-content-wrapper\">\n\t\t\t\t\t\t\t\t\t<span class=\"elementor-button-text\">Instant Quote<\/span>\n\t\t\t\t\t<\/span>\n\t\t\t\t\t<\/a>\n\t\t\t\t\t\t\t\t<\/div>\n\t\t\t\t<\/div>\n\t\t<div class=\"elementor-element elementor-element-1b13b23 e-con-full e-flex e-con e-child\" data-id=\"1b13b23\" data-element_type=\"container\" data-e-type=\"container\">\n\t\t\t\t<div class=\"elementor-element elementor-element-eaadbc2 elementor-widget elementor-widget-image\" data-id=\"eaadbc2\" data-element_type=\"widget\" data-e-type=\"widget\" data-widget_type=\"image.default\">\n\t\t\t\t\t\t\t\t\t\t\t\t\t\t\t<img loading=\"lazy\" decoding=\"async\" width=\"683\" height=\"1024\" src=\"https:\/\/aircraftcharter.com\/wp-content\/uploads\/2026\/01\/EBACEPJC0233-683x1024.jpeg\" class=\"attachment-large size-large wp-image-3144\" alt=\"Symphony in the Sky: A Private Jet Itinerary for the Enescu Festival\" srcset=\"https:\/\/aircraftcharter.com\/wp-content\/uploads\/2026\/01\/EBACEPJC0233-683x1024.jpeg 683w, https:\/\/aircraftcharter.com\/wp-content\/uploads\/2026\/01\/EBACEPJC0233-200x300.jpeg 200w, https:\/\/aircraftcharter.com\/wp-content\/uploads\/2026\/01\/EBACEPJC0233-768x1152.jpeg 768w, https:\/\/aircraftcharter.com\/wp-content\/uploads\/2026\/01\/EBACEPJC0233-1024x1536.jpeg 1024w, https:\/\/aircraftcharter.com\/wp-content\/uploads\/2026\/01\/EBACEPJC0233-1365x2048.jpeg 1365w, https:\/\/aircraftcharter.com\/wp-content\/uploads\/2026\/01\/EBACEPJC0233-scaled.jpeg 1707w\" sizes=\"(max-width: 683px) 100vw, 683px\" \/>\t\t\t\t\t\t\t\t\t\t\t\t\t\t\t<\/div>\n\t\t\t\t<\/div>\n\t\t\t\t\t<\/div>\n\t\t\t\t<\/div>\n\t\t\t\t<\/div>\n\t\t","protected":false},"excerpt":{"rendered":"<p>Fly private to Bucharest for George Enescu Festival 2025. Enjoy luxury travel and Romania\u2019s premier classical music event.<\/p>\n","protected":false},"author":1,"featured_media":3143,"comment_status":"open","ping_status":"open","sticky":false,"template":"elementor_header_footer","format":"standard","meta":{"_monsterinsights_skip_tracking":false,"_monsterinsights_sitenote_active":false,"_monsterinsights_sitenote_note":"","_monsterinsights_sitenote_category":0,"footnotes":""},"categories":[15],"tags":[],"class_list":["post-3141","post","type-post","status-publish","format-standard","has-post-thumbnail","hentry","category-blog"],"aioseo_notices":[],"_links":{"self":[{"href":"https:\/\/aircraftcharter.com\/en\/wp-json\/wp\/v2\/posts\/3141","targetHints":{"allow":["GET"]}}],"collection":[{"href":"https:\/\/aircraftcharter.com\/en\/wp-json\/wp\/v2\/posts"}],"about":[{"href":"https:\/\/aircraftcharter.com\/en\/wp-json\/wp\/v2\/types\/post"}],"author":[{"embeddable":true,"href":"https:\/\/aircraftcharter.com\/en\/wp-json\/wp\/v2\/users\/1"}],"replies":[{"embeddable":true,"href":"https:\/\/aircraftcharter.com\/en\/wp-json\/wp\/v2\/comments?post=3141"}],"version-history":[{"count":4,"href":"https:\/\/aircraftcharter.com\/en\/wp-json\/wp\/v2\/posts\/3141\/revisions"}],"predecessor-version":[{"id":3147,"href":"https:\/\/aircraftcharter.com\/en\/wp-json\/wp\/v2\/posts\/3141\/revisions\/3147"}],"wp:featuredmedia":[{"embeddable":true,"href":"https:\/\/aircraftcharter.com\/en\/wp-json\/wp\/v2\/media\/3143"}],"wp:attachment":[{"href":"https:\/\/aircraftcharter.com\/en\/wp-json\/wp\/v2\/media?parent=3141"}],"wp:term":[{"taxonomy":"category","embeddable":true,"href":"https:\/\/aircraftcharter.com\/en\/wp-json\/wp\/v2\/categories?post=3141"},{"taxonomy":"post_tag","embeddable":true,"href":"https:\/\/aircraftcharter.com\/en\/wp-json\/wp\/v2\/tags?post=3141"}],"curies":[{"name":"wp","href":"https:\/\/api.w.org\/{rel}","templated":true}]}}